{"id":9445,"date":"2025-03-05T11:26:55","date_gmt":"2025-03-05T09:26:55","guid":{"rendered":"https:\/\/maendeleo.ch\/wordpress\/?p=9445"},"modified":"2025-09-22T20:32:05","modified_gmt":"2025-09-22T18:32:05","slug":"hilferuf-unsrer-leute-vor-ort","status":"publish","type":"post","link":"https:\/\/maendeleo.ch\/wordpress\/hilferuf-unsrer-leute-vor-ort\/","title":{"rendered":"Hilferuf unsrer Leute vor Ort"},"content":{"rendered":"<h2>Schulteam bittet um Hilfe: Kein Staat &#8211; kein Lohn<\/h2>\n<p>Die Kinder gehen wieder zur Schule in Ikoma. Ikoma ist jetzt in der Hand der M23, die kongolesische Armee hat ihnen auch dieses Gebiet \u00fcberlassen. Das heisst auch, der kongolesische Staat ist hier nicht\u00a0 mehr zust\u00e4ndig. Seit dem Vormarsch der M23 bezahlt er keine L\u00f6hne mehr. Seit Wochen sind auch alle Banken im Einflussbereich der M23 geschlossen. Unsere Leute vor Ort k\u00f6nnen auch nicht mehr zugreifen auf Gelder, die wir geschickt haben. Ersparnisse haben die Lehrerinnen und Lehrer und die W\u00e4chter keine, wie auch, bei einem staatlichen Lohn von 90 USD.<\/p>\n<p>Wir glauben einen Weg gefunden zu haben, um Geld zu schicken. Wir warten auf Bescheid, ob es angekommen ist. Das Geld wird allerdings nicht sehr weit reichen. Laut unsern Informanten haben sich die Preise verdoppelt bis verdreifacht.<\/p>\n<h2>Misstrauen unter der Bev\u00f6lkerung<\/h2>\n<p>Einer unsrer Freunde vor Ort sagt, das grosse Problem sei, man wisse nicht mehr, wem man vertrauen k\u00f6nne. Viele Bekannte h\u00e4tten sich jetzt auf die Seite der M23 geschlagen, man rede kaum mehr \u00f6ffentlich untereinander.<\/p>\n<p>Die M23 hat die Stadt Bukavu \u00fcbernommen, hat einen neuen Stadtpr\u00e4sidenten und Vize-Pr\u00e4sidenten eingesetzt. Wie aber soll es weitergehen? Ratlosigkeit unter der Bev\u00f6lkerung.\u00a0Woher soll Geld kommen? Wer zahlt die Angestellten der Stadt?\u00a0Letzte Woche hat die M23 aller Polizisten, die nicht mit der Armee geflohen sind, aufgeboten sich zu melden. Mehrere Tausend wurden mit Schiffen nach Goma gebracht zur Ausbildung.<\/p>\n<p>Die M23 fordert zudem junge Leute auf, sich zum Truppendienst zu melden. Bilder aus der Ruzizi -Ebene zeigen junge Kongolesen, die einer Zwangsrekrutierung zu entkommen versuchen, indem sie den Fluss \u00fcberqueren ins Nachbarland Burundi.<\/p>\n","protected":false},"excerpt":{"rendered":"<p>Schulteam bittet um Hilfe: Kein Staat &#8211; kein Lohn Die Kinder gehen wieder zur Schule in Ikoma. Ikoma ist jetzt in der Hand der M23, die kongolesische Armee hat ihnen auch dieses Gebiet \u00fcberlassen. Das heisst auch, der kongolesische Staat ist hier nicht\u00a0 mehr zust\u00e4ndig. Seit dem Vormarsch der M23 [&hellip;]<\/p>\n","protected":false},"author":3,"featured_media":9446,"comment_status":"closed","ping_status":"closed","sticky":false,"template":"","format":"standard","meta":{"footnotes":""},"categories":[29,21,10],"tags":[],"class_list":["post-9445","post","type-post","status-publish","format-standard","has-post-thumbnail","hentry","category-aktuell","category-leben-im-kongo","category-schule"],"_links":{"self":[{"href":"https:\/\/maendeleo.ch\/wordpress\/wp-json\/wp\/v2\/posts\/9445","targetHints":{"allow":["GET"]}}],"collection":[{"href":"https:\/\/maendeleo.ch\/wordpress\/wp-json\/wp\/v2\/posts"}],"about":[{"href":"https:\/\/maendeleo.ch\/wordpress\/wp-json\/wp\/v2\/types\/post"}],"author":[{"embeddable":true,"href":"https:\/\/maendeleo.ch\/wordpress\/wp-json\/wp\/v2\/users\/3"}],"replies":[{"embeddable":true,"href":"https:\/\/maendeleo.ch\/wordpress\/wp-json\/wp\/v2\/comments?post=9445"}],"version-history":[{"count":5,"href":"https:\/\/maendeleo.ch\/wordpress\/wp-json\/wp\/v2\/posts\/9445\/revisions"}],"predecessor-version":[{"id":9666,"href":"https:\/\/maendeleo.ch\/wordpress\/wp-json\/wp\/v2\/posts\/9445\/revisions\/9666"}],"wp:featuredmedia":[{"embeddable":true,"href":"https:\/\/maendeleo.ch\/wordpress\/wp-json\/wp\/v2\/media\/9446"}],"wp:attachment":[{"href":"https:\/\/maendeleo.ch\/wordpress\/wp-json\/wp\/v2\/media?parent=9445"}],"wp:term":[{"taxonomy":"category","embeddable":true,"href":"https:\/\/maendeleo.ch\/wordpress\/wp-json\/wp\/v2\/categories?post=9445"},{"taxonomy":"post_tag","embeddable":true,"href":"https:\/\/maendeleo.ch\/wordpress\/wp-json\/wp\/v2\/tags?post=9445"}],"curies":[{"name":"wp","href":"https:\/\/api.w.org\/{rel}","templated":true}]}}