{"id":9436,"date":"2025-03-05T09:46:20","date_gmt":"2025-03-05T07:46:20","guid":{"rendered":"https:\/\/maendeleo.ch\/wordpress\/?p=9436"},"modified":"2025-03-17T17:58:46","modified_gmt":"2025-03-17T15:58:46","slug":"wer-ist-der-m23-rebellenfuehrer-corneille-ngangaa","status":"publish","type":"post","link":"https:\/\/maendeleo.ch\/wordpress\/wer-ist-der-m23-rebellenfuehrer-corneille-ngangaa\/","title":{"rendered":"Wer ist der M23-Rebellenf\u00fchrer Corneille Nganga"},"content":{"rendered":"\t\t<div data-elementor-type=\"wp-post\" data-elementor-id=\"9436\" class=\"elementor elementor-9436\" data-elementor-post-type=\"post\">\n\t\t\t\t<div class=\"elementor-element elementor-element-6e14c0fc e-flex e-con-boxed e-con e-parent\" data-id=\"6e14c0fc\" data-element_type=\"container\" data-e-type=\"container\">\n\t\t\t\t\t<div class=\"e-con-inner\">\n\t\t\t\t<div class=\"elementor-element elementor-element-298859f6 elementor-widget elementor-widget-text-editor\" data-id=\"298859f6\" data-element_type=\"widget\" data-e-type=\"widget\" data-widget_type=\"text-editor.default\">\n\t\t\t\t<div class=\"elementor-widget-container\">\n\t\t\t\t\t\t\t\t\t\t\t\t\t\t\t\t\t<\/div>\n\t\t\t\t<\/div>\n\t\t\t\t\t<\/div>\n\t\t\t\t<\/div>\n\t\t<div class=\"elementor-element elementor-element-cebe34e e-flex e-con-boxed e-con e-parent\" data-id=\"cebe34e\" data-element_type=\"container\" data-e-type=\"container\">\n\t\t\t\t\t<div class=\"e-con-inner\">\n\t\t\t\t<div class=\"elementor-element elementor-element-133c6ce elementor-widget elementor-widget-heading\" data-id=\"133c6ce\" data-element_type=\"widget\" data-e-type=\"widget\" data-widget_type=\"heading.default\">\n\t\t\t\t<div class=\"elementor-widget-container\">\n\t\t\t\t\t<h3 class=\"elementor-heading-title elementor-size-default\">Wer ist Corneille Nangaa, der politischer F\u00fchrer der M23<\/h3>\t\t\t\t<\/div>\n\t\t\t\t<\/div>\n\t\t\t\t\t<\/div>\n\t\t\t\t<\/div>\n\t\t<div class=\"elementor-element elementor-element-b173cd7 e-flex e-con-boxed e-con e-parent\" data-id=\"b173cd7\" data-element_type=\"container\" data-e-type=\"container\">\n\t\t\t\t\t<div class=\"e-con-inner\">\n\t\t\t\t<div class=\"elementor-element elementor-element-6681bfc elementor-widget elementor-widget-image\" data-id=\"6681bfc\" data-element_type=\"widget\" data-e-type=\"widget\" data-widget_type=\"image.default\">\n\t\t\t\t<div class=\"elementor-widget-container\">\n\t\t\t\t\t\t\t\t\t\t\t\t\t\t\t<img fetchpriority=\"high\" decoding=\"async\" width=\"750\" height=\"420\" src=\"https:\/\/maendeleo.ch\/wordpress\/wp-content\/uploads\/2025\/03\/27.Februar-bilder-1-1024x574.jpg\" class=\"attachment-large size-large wp-image-9421\" alt=\"\" srcset=\"https:\/\/maendeleo.ch\/wordpress\/wp-content\/uploads\/2025\/03\/27.Februar-bilder-1-1024x574.jpg 1024w, https:\/\/maendeleo.ch\/wordpress\/wp-content\/uploads\/2025\/03\/27.Februar-bilder-1-300x168.jpg 300w, https:\/\/maendeleo.ch\/wordpress\/wp-content\/uploads\/2025\/03\/27.Februar-bilder-1-768x430.jpg 768w, https:\/\/maendeleo.ch\/wordpress\/wp-content\/uploads\/2025\/03\/27.Februar-bilder-1-1536x860.jpg 1536w, https:\/\/maendeleo.ch\/wordpress\/wp-content\/uploads\/2025\/03\/27.Februar-bilder-1-2048x1147.jpg 2048w\" sizes=\"(max-width: 750px) 100vw, 750px\" \/>\t\t\t\t\t\t\t\t\t\t\t\t\t\t\t<\/div>\n\t\t\t\t<\/div>\n\t\t\t\t<div class=\"elementor-element elementor-element-a51dfa9 elementor-widget elementor-widget-text-editor\" data-id=\"a51dfa9\" data-element_type=\"widget\" data-e-type=\"widget\" data-widget_type=\"text-editor.default\">\n\t\t\t\t<div class=\"elementor-widget-container\">\n\t\t\t\t\t\t\t\t\t<p>Corneille Nangaaa \u00fcbernahm die F\u00fchrung der M23 im August 2023. Diese wurde 2012 gegr\u00fcndet von Mitgliedern Rebellengruppierung <span style=\"font-size: inherit; font-family: var( --e-global-typography-text-font-family ), Sans-serif; font-weight: var( --e-global-typography-text-font-weight ); text-align: var(--text-align);\">CNDP,\u00a0 die\u00a0 mehrheitlich aus Tutsi aus Ruanda bestand. Die CNDP bezeichnete es als ihre Aufgabe, die Banyamulenge &#8211; Tutsi, die zu Anfang des 20 Jahrhunderts in den Kongo eingewandert waren &#8211; vor den Hutu zu sch\u00fctzen. Die Hutu waren verantwortlich f\u00fcr den Genozid im Nachbarland Rwanda 1994. Viele von ihnen fl\u00fcchteten in den Nord-Kivu, auf dem gleichen Weg, den Paul Kagame und seine Armee nutzte, um den V\u00f6lkermord in Rwanda zu beenden<\/span><span style=\"font-size: inherit; font-family: var( --e-global-typography-text-font-family ), Sans-serif; font-weight: var( --e-global-typography-text-font-weight ); text-align: var(--text-align);\">\u00a0 \u00a0 \u00a0\u00a0<\/span><\/p>\t\t\t\t\t\t\t\t<\/div>\n\t\t\t\t<\/div>\n\t\t\t\t<div class=\"elementor-element elementor-element-3b27903 elementor-widget elementor-widget-heading\" data-id=\"3b27903\" data-element_type=\"widget\" data-e-type=\"widget\" data-widget_type=\"heading.default\">\n\t\t\t\t<div class=\"elementor-widget-container\">\n\t\t\t\t\t<h4 class=\"elementor-heading-title elementor-size-default\">Vom Freund zum Feind von Pr\u00e4sident Tshisekedi<\/h4>\t\t\t\t<\/div>\n\t\t\t\t<\/div>\n\t\t\t\t<div class=\"elementor-element elementor-element-b266a29 elementor-widget elementor-widget-text-editor\" data-id=\"b266a29\" data-element_type=\"widget\" data-e-type=\"widget\" data-widget_type=\"text-editor.default\">\n\t\t\t\t<div class=\"elementor-widget-container\">\n\t\t\t\t\t\t\t\t\t<p><span><span style=\"font-family: arial, helvetica, sans-serif; font-size: 14pt;\">(*1970) studierte Wirtschaft an Universit\u00e4t Kinshasa und arbeitete danach als Afrika-Spezialist f\u00fcr verschiedene internationale Organisationen. 2015 wurde er zum Pr\u00e4sidenten der &#8222;unabh\u00e4ngigen&#8220; Wahlbeh\u00f6rde (CENI) ernannt. Sie hatte die Aufgabe, die Wahl des Nachfolgers von Pr\u00e4sident Joseph Kabila zu organisieren. Diese fand dann erst 2018 statt. Nach dem einzigen Wahlgang, der f\u00fcr die Pr\u00e4sidentenwahl vorgeschrieben ist, erkl\u00e4rte CENI-Pr\u00e4sident Nangaa Felix Tshisekedi mit 38,57% zum Wahlsieger.&nbsp;<\/span><\/span><span style=\"font-family: arial, helvetica, sans-serif; font-size: 14pt; text-align: var(--text-align);\">Die katholischen Kirchen bezweifelten das Resultat, sie hatten 40 00 Beobachter in Wahllokale geschickt, um dort die Wahlresultate zu sammeln. Nach ihrer Rechnung hatte Martin Fayulu, der Kandidat einer Parteienkoalition, die Wahlen mit \u00fcber 50% gewonnen. Das liessen sp\u00e4ter auch Mitglieder des CENI durchsickern. Im Hintergrund zog Ex-Pr\u00e4sident Kabila die F\u00e4den. Er hatte in seiner Regierungszeit Milliarden in seine Tasche gewirtschaftet, musste deshalb Konsequenzen von Fayulu bef\u00fcrchten. Da auch sein Wunschkandidat kl\u00e4glich gescheitert war, machte Kabilas einen Deal mit Tshisekedi. Da Kabilas Parteien-Koalition im Parlament die Mehrheit hatte, Tshisekedis Partei aber nur wenige Sitze, glaubte der zum &#8222;Senator&#8220; ernannte Kabila die Politik weiter bestimmen zu k\u00f6nnen. Tshisekedi entwickelte Eigenleben, hievte viele seiner Vertrauten in hohe \u00c4mter. Die &#8211; wohl wieder getrickste Wahl im Dezember 2023 &#8211; gewann Tshisekedi mit 73% der Stimmen. Wohl nicht zuf\u00e4llig \u00fcbernahm Nangaa in dieser Zeit die F\u00fchrung der M23. Sein erkl\u00e4rtes Ziel ist es, nach Kinshasa zu marschieren und Tshisekedi zu st\u00fcrzen. Unterst\u00fctzung erh\u00e4lt er von Kabila, der Tshisekedi beschuldigt mitverantwortlich zu sein f\u00fcr die jetzige Situation im Nord- und S\u00fcdkivu.<\/span><\/p>\t\t\t\t\t\t\t\t<\/div>\n\t\t\t\t<\/div>\n\t\t\t\t\t<\/div>\n\t\t\t\t<\/div>\n\t\t<div class=\"elementor-element elementor-element-a589d01 e-flex e-con-boxed e-con e-parent\" data-id=\"a589d01\" data-element_type=\"container\" data-e-type=\"container\">\n\t\t\t\t\t<div class=\"e-con-inner\">\n\t\t\t\t\t<\/div>\n\t\t\t\t<\/div>\n\t\t\t\t<\/div>\n\t\t","protected":false},"excerpt":{"rendered":"<p>Wer ist Corneille Nangaa, der politischer F\u00fchrer der M23 Corneille Nangaaa \u00fcbernahm die F\u00fchrung der M23 im August 2023. Diese wurde 2012 gegr\u00fcndet von Mitgliedern Rebellengruppierung CNDP,\u00a0 die\u00a0 mehrheitlich aus Tutsi aus Ruanda bestand. Die CNDP bezeichnete es als ihre Aufgabe, die Banyamulenge &#8211; Tutsi, die zu Anfang des 20 [&hellip;]<\/p>\n","protected":false},"author":3,"featured_media":9421,"comment_status":"closed","ping_status":"closed","sticky":false,"template":"","format":"standard","meta":{"footnotes":""},"categories":[29,21],"tags":[],"class_list":["post-9436","post","type-post","status-publish","format-standard","has-post-thumbnail","hentry","category-aktuell","category-leben-im-kongo"],"_links":{"self":[{"href":"https:\/\/maendeleo.ch\/wordpress\/wp-json\/wp\/v2\/posts\/9436","targetHints":{"allow":["GET"]}}],"collection":[{"href":"https:\/\/maendeleo.ch\/wordpress\/wp-json\/wp\/v2\/posts"}],"about":[{"href":"https:\/\/maendeleo.ch\/wordpress\/wp-json\/wp\/v2\/types\/post"}],"author":[{"embeddable":true,"href":"https:\/\/maendeleo.ch\/wordpress\/wp-json\/wp\/v2\/users\/3"}],"replies":[{"embeddable":true,"href":"https:\/\/maendeleo.ch\/wordpress\/wp-json\/wp\/v2\/comments?post=9436"}],"version-history":[{"count":20,"href":"https:\/\/maendeleo.ch\/wordpress\/wp-json\/wp\/v2\/posts\/9436\/revisions"}],"predecessor-version":[{"id":9507,"href":"https:\/\/maendeleo.ch\/wordpress\/wp-json\/wp\/v2\/posts\/9436\/revisions\/9507"}],"wp:featuredmedia":[{"embeddable":true,"href":"https:\/\/maendeleo.ch\/wordpress\/wp-json\/wp\/v2\/media\/9421"}],"wp:attachment":[{"href":"https:\/\/maendeleo.ch\/wordpress\/wp-json\/wp\/v2\/media?parent=9436"}],"wp:term":[{"taxonomy":"category","embeddable":true,"href":"https:\/\/maendeleo.ch\/wordpress\/wp-json\/wp\/v2\/categories?post=9436"},{"taxonomy":"post_tag","embeddable":true,"href":"https:\/\/maendeleo.ch\/wordpress\/wp-json\/wp\/v2\/tags?post=9436"}],"curies":[{"name":"wp","href":"https:\/\/api.w.org\/{rel}","templated":true}]}}