{"id":9396,"date":"2025-02-19T20:25:45","date_gmt":"2025-02-19T18:25:45","guid":{"rendered":"https:\/\/maendeleo.ch\/wordpress\/?p=9396"},"modified":"2025-02-20T00:24:00","modified_gmt":"2025-02-19T22:24:00","slug":"elementor-9396","status":"publish","type":"post","link":"https:\/\/maendeleo.ch\/wordpress\/elementor-9396\/","title":{"rendered":"19. Februar: AFC\/M23 verspricht &#8230;"},"content":{"rendered":"\t\t<div data-elementor-type=\"wp-post\" data-elementor-id=\"9396\" class=\"elementor elementor-9396\" data-elementor-post-type=\"post\">\n\t\t\t\t<div class=\"elementor-element elementor-element-98ec0a8 e-flex e-con-boxed e-con e-parent\" data-id=\"98ec0a8\" data-element_type=\"container\" data-e-type=\"container\">\n\t\t\t\t\t<div class=\"e-con-inner\">\n\t\t\t\t<div class=\"elementor-element elementor-element-cbd026e elementor-widget elementor-widget-heading\" data-id=\"cbd026e\" data-element_type=\"widget\" data-e-type=\"widget\" data-widget_type=\"heading.default\">\n\t\t\t\t<div class=\"elementor-widget-container\">\n\t\t\t\t\t<h2 class=\"elementor-heading-title elementor-size-default\">19. Februar: AFC\/M23 verspricht billigeres Benzin, neue Personalausweise, F\u00f6deralismus<\/h2>\t\t\t\t<\/div>\n\t\t\t\t<\/div>\n\t\t\t\t\t<\/div>\n\t\t\t\t<\/div>\n\t\t<div class=\"elementor-element elementor-element-216d9db e-flex e-con-boxed e-con e-parent\" data-id=\"216d9db\" data-element_type=\"container\" data-e-type=\"container\">\n\t\t\t\t\t<div class=\"e-con-inner\">\n\t\t\t\t<div class=\"elementor-element elementor-element-0401004 elementor-widget elementor-widget-image\" data-id=\"0401004\" data-element_type=\"widget\" data-e-type=\"widget\" data-widget_type=\"image.default\">\n\t\t\t\t<div class=\"elementor-widget-container\">\n\t\t\t\t\t\t\t\t\t\t\t\t<figure class=\"wp-caption\">\n\t\t\t\t\t\t\t\t\t\t<img fetchpriority=\"high\" decoding=\"async\" width=\"2560\" height=\"1251\" src=\"https:\/\/maendeleo.ch\/wordpress\/wp-content\/uploads\/2025\/02\/Place-feu-vert--scaled.jpg\" class=\"attachment-full size-full wp-image-9398\" alt=\"\" srcset=\"https:\/\/maendeleo.ch\/wordpress\/wp-content\/uploads\/2025\/02\/Place-feu-vert--scaled.jpg 2560w, https:\/\/maendeleo.ch\/wordpress\/wp-content\/uploads\/2025\/02\/Place-feu-vert--300x147.jpg 300w, https:\/\/maendeleo.ch\/wordpress\/wp-content\/uploads\/2025\/02\/Place-feu-vert--1024x500.jpg 1024w, https:\/\/maendeleo.ch\/wordpress\/wp-content\/uploads\/2025\/02\/Place-feu-vert--768x375.jpg 768w, https:\/\/maendeleo.ch\/wordpress\/wp-content\/uploads\/2025\/02\/Place-feu-vert--1536x750.jpg 1536w, https:\/\/maendeleo.ch\/wordpress\/wp-content\/uploads\/2025\/02\/Place-feu-vert--2048x1000.jpg 2048w\" sizes=\"(max-width: 2560px) 100vw, 2560px\" \/>\t\t\t\t\t\t\t\t\t\t\t<figcaption class=\"widget-image-caption wp-caption-text\">  19.Februar: Info-Veranstaltung der M23 auf dem Place feu rouge, Bukavu.           <\/figcaption>\n\t\t\t\t\t\t\t\t\t\t<\/figure>\n\t\t\t\t\t\t\t\t\t<\/div>\n\t\t\t\t<\/div>\n\t\t\t\t\t<\/div>\n\t\t\t\t<\/div>\n\t\t<div class=\"elementor-element elementor-element-88c5766 e-flex e-con-boxed e-con e-parent\" data-id=\"88c5766\" data-element_type=\"container\" data-e-type=\"container\">\n\t\t\t\t\t<div class=\"e-con-inner\">\n\t\t\t\t<div class=\"elementor-element elementor-element-f9f34a6 elementor-widget elementor-widget-text-editor\" data-id=\"f9f34a6\" data-element_type=\"widget\" data-e-type=\"widget\" data-widget_type=\"text-editor.default\">\n\t\t\t\t<div class=\"elementor-widget-container\">\n\t\t\t\t\t\t\t\t\t<p><span style=\"font-size: inherit; text-align: var(--text-align);\">Zehntausende waren heute auf verschiedenen Pl\u00e4tze in Bukavu, wo die <\/span><span style=\"font-size: inherit; text-align: var(--text-align);\">M23\/AFC (Alliance Fleuve Congo) ihr Programm vorstellte. Auf dem Place feu rouge, mitten in Bukavu, forderte\u00a0<\/span><span style=\"font-size: inherit; text-align: var(--text-align);\">Fran\u00e7ois MUTABAZI die Bev\u00f6lkerung Bukavus auf, wieder friedlich\u00a0<\/span><span style=\"font-size: inherit; text-align: var(--text-align);\">ihren Besch\u00e4ftigungen nachzugehen, dann sagte er unter anderem:<\/span><\/p><p>Die Schulen aller Stufen \u00f6ffnen wieder n\u00e4chsten Montag.<\/p><p>Junge M\u00e4nner und Frauen sind eingeladen, sich in grosser Zahl in die Armee einzutragen. Gefragt sind\u00a0 haupts\u00e4chlich Leute mit Sekundar\u2013, Hochschul- oder Universit\u00e4ts-Ausbildung. Die AFC wolle eine disziplinierte und geordnete Armee aufbauen, in der Soldaten gut ausgebildet und bezahlt werden.<\/p><p>Die bisherigen staatlichen W\u00e4hler*innen-Ausweise (im Kongo so etwas wie die Identit\u00e4tskarte in der Schweiz) verlieren ihre G\u00fcltigkeit und werden ersetzt durch Ausweise, die die AFC\/M23 ausstellt.<\/p><p>Die Preise f\u00fcr Benzin werden gesenkt, damit fallen auch die Preise f\u00fcr Moto- und Auto-Taxis.<\/p><p>Gesenkt werde auch der Wechselkurs USD zum kongolesischen Franc.<\/p><p>Ziel der AFC\/M23 sei es, die Hauptstadt Kinshasa zu erreichen. Am Ende der Reise werde (der politische F\u00fchrer der M23\/AFC) Corneille NANGAA Pr\u00e4sident der Demokratischen Republik Kongo, Bertrand BISIMWA sein Vizepr\u00e4sident.<\/p><p>Diese neue Regierung will dem F\u00f6deralismus als Regierungsform einf\u00fchren. Die Provinzen erhalten die volle finanzielle Autonomie und m\u00fcssen nicht mehr \u2013 wie bisher &#8211; 60 % ihrer Einnahmen an Kinshasa abzuf\u00fchren.<\/p><p>Zum Schluss bittet er die Einwohner von Bukavu, in Harmonie zu leben. Sie sollen der AFC\/M23 vertrauen, deren Vision es sei, die Provinz S\u00fcd-Kivu zu entwickeln.<\/p><p>Quelle:\u00a0<a href=\"https:\/\/radiomaendeleo.org\/bukavu-lessentiel-a-retenir-des-trois-premiers-meetings-de-lafc-m23\/\" target=\"_blank\" rel=\"noopener\">https:\/\/radiomaendeleo.org\/bukavu-lessentiel-a-retenir-des-trois-premiers-meetings-de-lafc-m23\/<\/a><\/p><p>Radio Maendeleo ist das Radio, bei dem Hansj\u00f6rg Enz von 2008 bis 2010 gearbeitet hat.<\/p><p>.<\/p>\t\t\t\t\t\t\t\t<\/div>\n\t\t\t\t<\/div>\n\t\t\t\t\t<\/div>\n\t\t\t\t<\/div>\n\t\t\t\t<\/div>\n\t\t","protected":false},"excerpt":{"rendered":"<p>19. Februar: AFC\/M23 verspricht billigeres Benzin, neue Personalausweise, F\u00f6deralismus 19.Februar: Info-Veranstaltung der M23 auf dem Place feu rouge, Bukavu. Zehntausende waren heute auf verschiedenen Pl\u00e4tze in Bukavu, wo die M23\/AFC (Alliance Fleuve Congo) ihr Programm vorstellte. Auf dem Place feu rouge, mitten in Bukavu, forderte\u00a0Fran\u00e7ois MUTABAZI die Bev\u00f6lkerung Bukavus auf, [&hellip;]<\/p>\n","protected":false},"author":3,"featured_media":9398,"comment_status":"closed","ping_status":"closed","sticky":false,"template":"","format":"standard","meta":{"footnotes":""},"categories":[29,21],"tags":[],"class_list":["post-9396","post","type-post","status-publish","format-standard","has-post-thumbnail","hentry","category-aktuell","category-leben-im-kongo"],"_links":{"self":[{"href":"https:\/\/maendeleo.ch\/wordpress\/wp-json\/wp\/v2\/posts\/9396","targetHints":{"allow":["GET"]}}],"collection":[{"href":"https:\/\/maendeleo.ch\/wordpress\/wp-json\/wp\/v2\/posts"}],"about":[{"href":"https:\/\/maendeleo.ch\/wordpress\/wp-json\/wp\/v2\/types\/post"}],"author":[{"embeddable":true,"href":"https:\/\/maendeleo.ch\/wordpress\/wp-json\/wp\/v2\/users\/3"}],"replies":[{"embeddable":true,"href":"https:\/\/maendeleo.ch\/wordpress\/wp-json\/wp\/v2\/comments?post=9396"}],"version-history":[{"count":14,"href":"https:\/\/maendeleo.ch\/wordpress\/wp-json\/wp\/v2\/posts\/9396\/revisions"}],"predecessor-version":[{"id":9413,"href":"https:\/\/maendeleo.ch\/wordpress\/wp-json\/wp\/v2\/posts\/9396\/revisions\/9413"}],"wp:featuredmedia":[{"embeddable":true,"href":"https:\/\/maendeleo.ch\/wordpress\/wp-json\/wp\/v2\/media\/9398"}],"wp:attachment":[{"href":"https:\/\/maendeleo.ch\/wordpress\/wp-json\/wp\/v2\/media?parent=9396"}],"wp:term":[{"taxonomy":"category","embeddable":true,"href":"https:\/\/maendeleo.ch\/wordpress\/wp-json\/wp\/v2\/categories?post=9396"},{"taxonomy":"post_tag","embeddable":true,"href":"https:\/\/maendeleo.ch\/wordpress\/wp-json\/wp\/v2\/tags?post=9396"}],"curies":[{"name":"wp","href":"https:\/\/api.w.org\/{rel}","templated":true}]}}