{"id":8404,"date":"2022-11-10T13:42:44","date_gmt":"2022-11-10T11:42:44","guid":{"rendered":"https:\/\/maendeleo.ch\/wordpress\/?p=8404"},"modified":"2025-09-22T21:05:43","modified_gmt":"2025-09-22T19:05:43","slug":"elementor-8404","status":"publish","type":"post","link":"https:\/\/maendeleo.ch\/wordpress\/elementor-8404\/","title":{"rendered":"Team wieder komplett, neuer Lehrer"},"content":{"rendered":"\t\t<div data-elementor-type=\"wp-post\" data-elementor-id=\"8404\" class=\"elementor elementor-8404\" data-elementor-post-type=\"post\">\n\t\t\t\t<div class=\"elementor-element elementor-element-8d63438 e-flex e-con-boxed e-con e-parent\" data-id=\"8d63438\" data-element_type=\"container\" data-e-type=\"container\">\n\t\t\t\t\t<div class=\"e-con-inner\">\n\t\t\t\t<div class=\"elementor-element elementor-element-1b2ebf6 elementor-widget elementor-widget-heading\" data-id=\"1b2ebf6\" data-element_type=\"widget\" data-e-type=\"widget\" data-widget_type=\"heading.default\">\n\t\t\t\t<div class=\"elementor-widget-container\">\n\t\t\t\t\t<h2 class=\"elementor-heading-title elementor-size-default\">Team in Ikoma wieder komplett<\/h2>\t\t\t\t<\/div>\n\t\t\t\t<\/div>\n\t\t\t\t\t<\/div>\n\t\t\t\t<\/div>\n\t\t<div class=\"elementor-element elementor-element-5f9d94a e-flex e-con-boxed e-con e-parent\" data-id=\"5f9d94a\" data-element_type=\"container\" data-e-type=\"container\">\n\t\t\t\t\t<div class=\"e-con-inner\">\n\t\t\t\t<div class=\"elementor-element elementor-element-5f95c80 elementor-widget elementor-widget-image\" data-id=\"5f95c80\" data-element_type=\"widget\" data-e-type=\"widget\" data-widget_type=\"image.default\">\n\t\t\t\t<div class=\"elementor-widget-container\">\n\t\t\t\t\t\t\t\t\t\t\t\t<figure class=\"wp-caption\">\n\t\t\t\t\t\t\t\t\t\t<img fetchpriority=\"high\" decoding=\"async\" width=\"750\" height=\"411\" src=\"https:\/\/maendeleo.ch\/wordpress\/wp-content\/uploads\/2022\/11\/img12-1024x561.jpg\" class=\"attachment-large size-large wp-image-8406\" alt=\"\" srcset=\"https:\/\/maendeleo.ch\/wordpress\/wp-content\/uploads\/2022\/11\/img12-1024x561.jpg 1024w, https:\/\/maendeleo.ch\/wordpress\/wp-content\/uploads\/2022\/11\/img12-300x164.jpg 300w, https:\/\/maendeleo.ch\/wordpress\/wp-content\/uploads\/2022\/11\/img12-768x421.jpg 768w, https:\/\/maendeleo.ch\/wordpress\/wp-content\/uploads\/2022\/11\/img12.jpg 1384w\" sizes=\"(max-width: 750px) 100vw, 750px\" \/>\t\t\t\t\t\t\t\t\t\t\t<figcaption class=\"widget-image-caption wp-caption-text\"><\/figcaption>\n\t\t\t\t\t\t\t\t\t\t<\/figure>\n\t\t\t\t\t\t\t\t\t<\/div>\n\t\t\t\t<\/div>\n\t\t\t\t\t<\/div>\n\t\t\t\t<\/div>\n\t\t<div class=\"elementor-element elementor-element-48b2d24 e-flex e-con-boxed e-con e-parent\" data-id=\"48b2d24\" data-element_type=\"container\" data-e-type=\"container\">\n\t\t\t\t\t<div class=\"e-con-inner\">\n\t\t\t\t<div class=\"elementor-element elementor-element-20a6e77 elementor-widget elementor-widget-text-editor\" data-id=\"20a6e77\" data-element_type=\"widget\" data-e-type=\"widget\" data-widget_type=\"text-editor.default\">\n\t\t\t\t<div class=\"elementor-widget-container\">\n\t\t\t\t\t\t\t\t\t<p>Seit dem Schulbeginn Mitte September 22 ist unser Team vor Ort wieder komplett. Neu im Team ist Erik Elia Mwalungwe (3. von rechts). Er ersetzt Justin Mulume, der im Februar ermordet wurde. Seit dem tragischen Tod hatte Mulumes Frau die Justins Klasse \u00fcbernommen. Sie ist jetzt in ihre alte Schule zur\u00fcckgekehrt.&nbsp;<span style=\"font-size: inherit; text-align: var(--text-align);\">Erik \u00fcbernahm die zweite Klasse. Auf dem Bild sind&nbsp; auch Esther, die Kinderg\u00e4rtnerin (2. von links) und&nbsp; Aganze (2. von rechts) , die das Schneideratelier f\u00fchrt. Die andern sind die Lehrkr\u00e4fte, die seit 2009 an unsrer Schule arbeiten.&nbsp;<\/span><\/p>\n<p>Was auff\u00e4llt sind die Kleider der Frauen. Im Kongo ist es noch immer \u00fcblich, dass sich die Frauen Kleider von lokalen Schneider*innen anfertigen lassen. Die M\u00e4nner tragen gebrauchte Kleider, die Europ\u00e4er und Amerikaner in die Kleidersammlung gegeben haben. F\u00fcr mich (Hansj\u00f6rg Enz) ist es immer erstaunlich, wie gut gekleidet und sauber die Lehrer*innen zur Schule kommen und das bei einem Monatslohn von 120 Franken und bei Strassen, die von Oktober bis Juni oft Schlammpisten sind.<\/p>\t\t\t\t\t\t\t\t<\/div>\n\t\t\t\t<\/div>\n\t\t\t\t\t<\/div>\n\t\t\t\t<\/div>\n\t\t\t\t<\/div>\n\t\t","protected":false},"excerpt":{"rendered":"<p>Team in Ikoma wieder komplett Seit dem Schulbeginn Mitte September 22 ist unser Team vor Ort wieder komplett. Neu im Team ist Erik Elia Mwalungwe (3. von rechts). Er ersetzt Justin Mulume, der im Februar ermordet wurde. Seit dem tragischen Tod hatte Mulumes Frau die Justins Klasse \u00fcbernommen. Sie ist [&hellip;]<\/p>\n","protected":false},"author":2,"featured_media":8422,"comment_status":"closed","ping_status":"closed","sticky":false,"template":"","format":"standard","meta":{"footnotes":""},"categories":[10],"tags":[],"class_list":["post-8404","post","type-post","status-publish","format-standard","has-post-thumbnail","hentry","category-schule"],"_links":{"self":[{"href":"https:\/\/maendeleo.ch\/wordpress\/wp-json\/wp\/v2\/posts\/8404","targetHints":{"allow":["GET"]}}],"collection":[{"href":"https:\/\/maendeleo.ch\/wordpress\/wp-json\/wp\/v2\/posts"}],"about":[{"href":"https:\/\/maendeleo.ch\/wordpress\/wp-json\/wp\/v2\/types\/post"}],"author":[{"embeddable":true,"href":"https:\/\/maendeleo.ch\/wordpress\/wp-json\/wp\/v2\/users\/2"}],"replies":[{"embeddable":true,"href":"https:\/\/maendeleo.ch\/wordpress\/wp-json\/wp\/v2\/comments?post=8404"}],"version-history":[{"count":20,"href":"https:\/\/maendeleo.ch\/wordpress\/wp-json\/wp\/v2\/posts\/8404\/revisions"}],"predecessor-version":[{"id":8621,"href":"https:\/\/maendeleo.ch\/wordpress\/wp-json\/wp\/v2\/posts\/8404\/revisions\/8621"}],"wp:featuredmedia":[{"embeddable":true,"href":"https:\/\/maendeleo.ch\/wordpress\/wp-json\/wp\/v2\/media\/8422"}],"wp:attachment":[{"href":"https:\/\/maendeleo.ch\/wordpress\/wp-json\/wp\/v2\/media?parent=8404"}],"wp:term":[{"taxonomy":"category","embeddable":true,"href":"https:\/\/maendeleo.ch\/wordpress\/wp-json\/wp\/v2\/categories?post=8404"},{"taxonomy":"post_tag","embeddable":true,"href":"https:\/\/maendeleo.ch\/wordpress\/wp-json\/wp\/v2\/tags?post=8404"}],"curies":[{"name":"wp","href":"https:\/\/api.w.org\/{rel}","templated":true}]}}