{"id":7518,"date":"2021-07-05T16:15:13","date_gmt":"2021-07-05T14:15:13","guid":{"rendered":"https:\/\/maendeleo.ch\/wordpress\/?p=7518"},"modified":"2021-12-20T10:44:26","modified_gmt":"2021-12-20T08:44:26","slug":"der-bisher-beste-projektbesuch-im-k","status":"publish","type":"post","link":"https:\/\/maendeleo.ch\/wordpress\/der-bisher-beste-projektbesuch-im-k\/","title":{"rendered":"Hansj\u00f6rg Enz: 2021 &#8211; mein bisher bester Projektbesuch im Kongo"},"content":{"rendered":"\t\t<div data-elementor-type=\"wp-post\" data-elementor-id=\"7518\" class=\"elementor elementor-7518\" data-elementor-post-type=\"post\">\n\t\t\t\t\t\t<section class=\"elementor-section elementor-top-section elementor-element elementor-element-caa44dd elementor-section-boxed elementor-section-height-default elementor-section-height-default\" data-id=\"caa44dd\" data-element_type=\"section\" data-e-type=\"section\">\n\t\t\t\t\t\t<div class=\"elementor-container elementor-column-gap-default\">\n\t\t\t\t\t<div class=\"elementor-column elementor-col-100 elementor-top-column elementor-element elementor-element-b54ba4d\" data-id=\"b54ba4d\" data-element_type=\"column\" data-e-type=\"column\">\n\t\t\t<div class=\"elementor-widget-wrap elementor-element-populated\">\n\t\t\t\t\t\t<div class=\"elementor-element elementor-element-ffed5e0 elementor-widget elementor-widget-text-editor\" data-id=\"ffed5e0\" data-element_type=\"widget\" data-e-type=\"widget\" data-widget_type=\"text-editor.default\">\n\t\t\t\t<div class=\"elementor-widget-container\">\n\t\t\t\t\t\t\t\t\t<p>\u201eDas war meine beste Projektreise! Zufrieden, ja gl\u00fccklich bin ich am 26. Juni aus dem Kongo zur\u00fcckgekehrt. H\u00f6hepunkt war der Beginn der Bauarbeiten am 22. Juni. Die Reise stand von Anfag an unter einem guten Omen, denn bereits die Visa-Erteilung war eine \u00dcberraschung\u2026<\/p>\t\t\t\t\t\t\t\t<\/div>\n\t\t\t\t<\/div>\n\t\t\t\t\t<\/div>\n\t\t<\/div>\n\t\t\t\t\t<\/div>\n\t\t<\/section>\n\t\t\t\t<section class=\"elementor-section elementor-top-section elementor-element elementor-element-8e86491 elementor-section-boxed elementor-section-height-default elementor-section-height-default\" data-id=\"8e86491\" data-element_type=\"section\" data-e-type=\"section\">\n\t\t\t\t\t\t<div class=\"elementor-container elementor-column-gap-default\">\n\t\t\t\t\t<div class=\"elementor-column elementor-col-100 elementor-top-column elementor-element elementor-element-801f0da\" data-id=\"801f0da\" data-element_type=\"column\" data-e-type=\"column\">\n\t\t\t<div class=\"elementor-widget-wrap elementor-element-populated\">\n\t\t\t\t\t\t<div class=\"elementor-element elementor-element-41f8f01 elementor-widget elementor-widget-text-editor\" data-id=\"41f8f01\" data-element_type=\"widget\" data-e-type=\"widget\" data-widget_type=\"text-editor.default\">\n\t\t\t\t<div class=\"elementor-widget-container\">\n\t\t\t\t\t\t\t\t\t<p><strong>Visa gratis<\/strong><\/p><p>Vor meiner Kongoreise machen Anita und ich einige Tage Ferien im Welschland. Gute Gelegenheit, in Bern Halt zu machen und das Visum gleich direkt in der in der kongolesischen Botschaft abzuholen.<\/p><p>Ich biege in den Sulgenheimweg ein, sehe von weitem zwei Personen auf dem Trottoir. Vor der kongolesischen Botschaft m\u00fchen sich ein \u00e4lterer Herr in einem in die Jahre gekommenen schwarzen Anzug und eine Frau im besten Alter, damit ab, etwa 2 Meter hohe Plexiglasscheiben von einem Holz-Pallet aufzuheben. Ich gr\u00fcsse herzlich, biete an zu helfen. Sie nehmen dankbar an und so helfe ich Ther\u00e8se &#8211; wie sich herausstellt die \u201epremier conseiller\u201c der Botschaft die Plexiglascheiben ins Haus zu tragen. Dann verstauten ich noch das Palette in der leer stehenden Garage.<\/p><p><\/p>\t\t\t\t\t\t\t\t<\/div>\n\t\t\t\t<\/div>\n\t\t\t\t\t<\/div>\n\t\t<\/div>\n\t\t\t\t\t<\/div>\n\t\t<\/section>\n\t\t\t\t<section class=\"elementor-section elementor-top-section elementor-element elementor-element-1f0bf7f elementor-section-boxed elementor-section-height-default elementor-section-height-default\" data-id=\"1f0bf7f\" data-element_type=\"section\" data-e-type=\"section\">\n\t\t\t\t\t\t<div class=\"elementor-container elementor-column-gap-default\">\n\t\t\t\t\t<div class=\"elementor-column elementor-col-100 elementor-top-column elementor-element elementor-element-d41d0c6\" data-id=\"d41d0c6\" data-element_type=\"column\" data-e-type=\"column\">\n\t\t\t<div class=\"elementor-widget-wrap elementor-element-populated\">\n\t\t\t\t\t\t<div class=\"elementor-element elementor-element-bb77d40 elementor-widget elementor-widget-image\" data-id=\"bb77d40\" data-element_type=\"widget\" data-e-type=\"widget\" data-widget_type=\"image.default\">\n\t\t\t\t<div class=\"elementor-widget-container\">\n\t\t\t\t\t\t\t\t\t\t\t\t\t\t\t<img fetchpriority=\"high\" decoding=\"async\" width=\"750\" height=\"563\" src=\"https:\/\/maendeleo.ch\/wordpress\/wp-content\/uploads\/2021\/07\/Enz-Kongo-Botschaft-Bern--1024x768.jpg\" class=\"attachment-large size-large wp-image-7527\" alt=\"\" srcset=\"https:\/\/maendeleo.ch\/wordpress\/wp-content\/uploads\/2021\/07\/Enz-Kongo-Botschaft-Bern--1024x768.jpg 1024w, https:\/\/maendeleo.ch\/wordpress\/wp-content\/uploads\/2021\/07\/Enz-Kongo-Botschaft-Bern--300x225.jpg 300w, https:\/\/maendeleo.ch\/wordpress\/wp-content\/uploads\/2021\/07\/Enz-Kongo-Botschaft-Bern--768x576.jpg 768w, https:\/\/maendeleo.ch\/wordpress\/wp-content\/uploads\/2021\/07\/Enz-Kongo-Botschaft-Bern--1536x1152.jpg 1536w, https:\/\/maendeleo.ch\/wordpress\/wp-content\/uploads\/2021\/07\/Enz-Kongo-Botschaft-Bern-.jpg 1920w\" sizes=\"(max-width: 750px) 100vw, 750px\" \/>\t\t\t\t\t\t\t\t\t\t\t\t\t\t\t<\/div>\n\t\t\t\t<\/div>\n\t\t\t\t\t<\/div>\n\t\t<\/div>\n\t\t\t\t\t<\/div>\n\t\t<\/section>\n\t\t\t\t<section class=\"elementor-section elementor-top-section elementor-element elementor-element-5a2086e elementor-section-boxed elementor-section-height-default elementor-section-height-default\" data-id=\"5a2086e\" data-element_type=\"section\" data-e-type=\"section\">\n\t\t\t\t\t\t<div class=\"elementor-container elementor-column-gap-default\">\n\t\t\t\t\t<div class=\"elementor-column elementor-col-100 elementor-top-column elementor-element elementor-element-08ed082\" data-id=\"08ed082\" data-element_type=\"column\" data-e-type=\"column\">\n\t\t\t<div class=\"elementor-widget-wrap elementor-element-populated\">\n\t\t\t\t\t\t<div class=\"elementor-element elementor-element-7da0bc5 elementor-widget elementor-widget-text-editor\" data-id=\"7da0bc5\" data-element_type=\"widget\" data-e-type=\"widget\" data-widget_type=\"text-editor.default\">\n\t\t\t\t<div class=\"elementor-widget-container\">\n\t\t\t\t\t\t\t\t\t<p>Der Herr Botschafter ist froh, dass ihm die Arbeit abgenommen wird, er ist nicht mehr allzu gut zu Fuss. Ich erz\u00e4hle von unsrem Schulhaus im Kongo, zeige Bilder davon, frage den Herrn Botschafter, ob er nicht bald in Pension gehen k\u00f6nne. Ich sch\u00e4tze ihn auf etwa 75. \u201eNein\u201c, meint er, \u201eleider nicht m\u00f6glich\u201c. Sp\u00e4ter erfahre ich, dass der Kongo seine Botschaft lausig bezahlt. Das zeigt auch die Botschafter-Villa, die schon viel bessere Tage gesehen haben muss. Er fragt, f\u00fcr wie lange ich denn in den Kongo wolle. Dann gibt er Ther\u00e8se einen Wink, sie nimmt meinen Pass, klebt ein Visum hinein, unterschreibt schwungvoll. Wie ich zahlen will, winkt sie ab. \u201eDieses Visum ist gratis\u201c. Der Herr Botschafter nickt. Ich danke \u00fcberschwenglich. Das Visum zeigt, dass ich 113.- Franken gespart habe. Wenn dieses Geschenk kein gutes Omen ist f\u00fcr diese Kongo-Reise\u2026<\/p>\t\t\t\t\t\t\t\t<\/div>\n\t\t\t\t<\/div>\n\t\t\t\t<div class=\"elementor-element elementor-element-a8407cf elementor-widget elementor-widget-text-editor\" data-id=\"a8407cf\" data-element_type=\"widget\" data-e-type=\"widget\" data-widget_type=\"text-editor.default\">\n\t\t\t\t<div class=\"elementor-widget-container\">\n\t\t\t\t\t\t\t\t\t<p><strong>\u00a0<\/strong><strong style=\"font-size: inherit;\">4 Tage f\u00fcr die Reise in den Kongo<\/strong><\/p><p>Normalerweise dauert die Reise Frauenfeld nach Bukavu etwa 30 Stunden, diesmal waren es 4 Tage.\u00a0<span style=\"font-size: inherit;\">Zum ersten Mal hatte ich das Flugticket via Goma, die Hauptstadt des Nordkivu gebucht. Von dort aus w\u00e4re ich mit dem Schiff \u00fcber den Kivusee nach Bukavu gelangt. Am 23. Mai brach der Vulkan Nyiragongo aus, begleitet von unz\u00e4hligen Erdbeben. Ein Lavastrom von etwa 100 Metern Breite ergoss sich vom Vulkan bis in die Vororte von Goma hinein, begrub Hunderte H\u00e4user unter sich und machte Tausende obdachlos. Der Flughafen Goma wurde geschlossen.<\/span><\/p>\t\t\t\t\t\t\t\t<\/div>\n\t\t\t\t<\/div>\n\t\t\t\t<div class=\"elementor-element elementor-element-73cec61 elementor-widget elementor-widget-image\" data-id=\"73cec61\" data-element_type=\"widget\" data-e-type=\"widget\" data-widget_type=\"image.default\">\n\t\t\t\t<div class=\"elementor-widget-container\">\n\t\t\t\t\t\t\t\t\t\t\t\t<figure class=\"wp-caption\">\n\t\t\t\t\t\t\t\t\t\t<img decoding=\"async\" width=\"750\" height=\"563\" src=\"https:\/\/maendeleo.ch\/wordpress\/wp-content\/uploads\/2021\/07\/Vulkan-Goma-JPG-1024x768.jpg\" class=\"attachment-large size-large wp-image-7528\" alt=\"\" srcset=\"https:\/\/maendeleo.ch\/wordpress\/wp-content\/uploads\/2021\/07\/Vulkan-Goma-JPG-1024x768.jpg 1024w, https:\/\/maendeleo.ch\/wordpress\/wp-content\/uploads\/2021\/07\/Vulkan-Goma-JPG-300x225.jpg 300w, https:\/\/maendeleo.ch\/wordpress\/wp-content\/uploads\/2021\/07\/Vulkan-Goma-JPG-768x576.jpg 768w, https:\/\/maendeleo.ch\/wordpress\/wp-content\/uploads\/2021\/07\/Vulkan-Goma-JPG-1536x1152.jpg 1536w, https:\/\/maendeleo.ch\/wordpress\/wp-content\/uploads\/2021\/07\/Vulkan-Goma-JPG.jpg 1920w\" sizes=\"(max-width: 750px) 100vw, 750px\" \/>\t\t\t\t\t\t\t\t\t\t\t<figcaption class=\"widget-image-caption wp-caption-text\">Lavastr\u00f6me flossen bis in die Vororte von Goma , Bild von 25.Juni 21 <\/figcaption>\n\t\t\t\t\t\t\t\t\t\t<\/figure>\n\t\t\t\t\t\t\t\t\t<\/div>\n\t\t\t\t<\/div>\n\t\t\t\t<div class=\"elementor-element elementor-element-a9819e6 elementor-widget elementor-widget-text-editor\" data-id=\"a9819e6\" data-element_type=\"widget\" data-e-type=\"widget\" data-widget_type=\"text-editor.default\">\n\t\t\t\t<div class=\"elementor-widget-container\">\n\t\t\t\t\t\t\t\t\t<p>Also buchte ich um, Reise via Kigali, Rwanda. Das bedeutete: Am Dienstagnachmittag mit einem g\u00fcltigen Covid-Test aus der Schweiz nach Frankfurt, nachts weiter nach Addis, dort nach 6 Stunden Warten weiter nach Kigali. F\u00fcr die Einreise in der rwandischen Hauptstadt musste man einen Covid-Test vorweisen und eine Hotelreservation. Nach der Zollkontrolle wurden n\u00e4mlich alle Reisenden von einem Team empfangen und zu einem weiteren Test gef\u00fchrt. Nach dem Test ging\u2019s ins gebuchte Hotel, wo ich auf das Testergebnis warten musste. Das traf zwar schon um 23h ein, zu sp\u00e4t, um den Weiterflug noch umzubuchen. So traf ich dann erst am Freitagmittag in Bukavu ein. Auf der Reise hatte ich genug Zeit, um nochmals die Liste zu studieren, mit all den Aufgaben zu studieren, die es zu erledigen gab in den kommenden drei Wochen.<\/p><p><strong style=\"font-size: inherit;\">Projektanpassung bis Baustart in zwei Wochen<\/strong><\/p><div data-elementor-type=\"wp-post\" data-elementor-id=\"7417\" data-elementor-title=\"Beitrag\"><section data-id=\"cab84b8\" data-element_type=\"section\" data-model-cid=\"c29\"><div style=\"width: 969.328px;\"><\/div><div><div style=\"width: 969.328px;\"><div data-id=\"dbcc334\" data-element_type=\"column\" data-col=\"100\" data-model-cid=\"c30\" style=\"width: 969.328px;\"><div style=\"width: 969.328px;\"><div style=\"width: 949.328px;\"><div data-id=\"369cc1e\" data-element_type=\"widget\" data-model-cid=\"c31\" data-widget_type=\"text-editor.default\" style=\"width: 949.328px;\"><div><div data-elementor-setting-key=\"editor\" data-elementor-inline-editing-toolbar=\"advanced\"><p>Was in den folgenden Tagen m\u00f6glich wurde, kommt mir vor wie ein kongolesisches Wunder: Am Sonntag, 6. Juni die Diskussion mit dem Schulteam, das sehnlichst <a href=\"https:\/\/maendeleo.ch\/wordpress\/wp-content\/uploads\/2021\/06\/Salle-Polyvalente-11X13m.pdf\" target=\"_blank\" rel=\"noopener\" style=\"transition-property: all;\">einen gr\u00f6sseren Saal<\/a>\u00a0w\u00fcnscht als im\u00a0<a href=\"https:\/\/maendeleo.ch\/wordpress\/wp-content\/uploads\/2021\/06\/Milondola-alt-neu.pdf\" target=\"_blank\" rel=\"noopener\" style=\"transition-property: all;\">Bauprojekt<\/a>\u00a0vorgesehen. Genau eine Woche sp\u00e4ter, am \u00a0Sonntag 13. Juni konnte ich den Vertrag mit der Baufirma B\u00e2tisse d\u2019Avenir abschliessen. Am Samstag 19. Juni soll die Grundsteinlegung f\u00fcr die neuen Bauten stattfinden, aber schon am 15. Juni begleite ich Jo\u00ebl, den Chef von B\u00e2tisse, f\u00fcr Vorbereitungsarbeiten auf der Baustelle. Bis es soweit war, waren einige Treffen n\u00f6tig und die fanden alle statt und zwar immer zur abgemachten Zeit, so etwas habe ich noch nie erlebt im Kongo. Was war zu tun?<\/p><p><strong>Ohne Backsteine kein Bau<br \/><\/strong>Am Montag, 14. Juni trafen wir Madame Claudine, die Lieferantin der Backsteine, ohne sie k\u00f6nnen wir nicht bauen dieses Jahr. Wir hatten vor langer Zeit entschieden, dass wir diesmal nicht mit traditionellen Backsteinen bauen, sondern mit Backsteinen von SKAT. SKAT ist ein Schweizer Unternehmen, das in Ruanda, Burundi und Kongo seit \u00fcber vier Jahren ein Entwicklungshilfeprojekt umsetzt, das von der Eidgenossenschaft finanziert ist<\/p><\/div><\/div><\/div><\/div><\/div><\/div><\/div><\/div><\/section><section data-id=\"94691fe\" data-element_type=\"section\" data-model-cid=\"c38\"><div style=\"width: 969.328px;\"><\/div><div><div style=\"width: 969.328px;\"><div data-id=\"4a4c249\" data-element_type=\"column\" data-col=\"50\" data-model-cid=\"c39\" style=\"width: 484.656px;\"><div style=\"width: 484.656px;\"><div style=\"width: 464.656px;\"><div data-id=\"bcb1648\" data-element_type=\"widget\" data-model-cid=\"c40\" data-widget_type=\"image.default\" style=\"width: 464.656px;\"><div><\/div><div><div><figure><img loading=\"lazy\" decoding=\"async\" width=\"750\" height=\"563\" src=\"https:\/\/maendeleo.ch\/wordpress\/wp-content\/uploads\/2021\/06\/HJ-Mma-Claudine--1024x768.jpg\" alt=\"\" loading=\"lazy\" srcset=\"https:\/\/maendeleo.ch\/wordpress\/wp-content\/uploads\/2021\/06\/HJ-Mma-Claudine--1024x768.jpg 1024w, https:\/\/maendeleo.ch\/wordpress\/wp-content\/uploads\/2021\/06\/HJ-Mma-Claudine--300x225.jpg 300w, https:\/\/maendeleo.ch\/wordpress\/wp-content\/uploads\/2021\/06\/HJ-Mma-Claudine--768x576.jpg 768w, https:\/\/maendeleo.ch\/wordpress\/wp-content\/uploads\/2021\/06\/HJ-Mma-Claudine--1536x1152.jpg 1536w, https:\/\/maendeleo.ch\/wordpress\/wp-content\/uploads\/2021\/06\/HJ-Mma-Claudine-.jpg 1920w\" sizes=\"auto, (max-width: 750px) 100vw, 750px\" \/><p><\/p><figcaption>Hansj\u00f6rg Enz mit Madame Claudine<\/figcaption><\/figure><\/div><\/div><\/div><\/div><\/div><\/div><div data-id=\"41b19d3\" data-element_type=\"column\" data-col=\"50\" data-model-cid=\"c45\" style=\"width: 484.656px;\"><div style=\"width: 484.656px;\"><div style=\"width: 464.656px;\"><div data-id=\"5f46c88\" data-element_type=\"widget\" data-model-cid=\"c46\" data-widget_type=\"image.default\" style=\"width: 464.656px;\"><div><\/div><div><div><figure><img loading=\"lazy\" decoding=\"async\" width=\"750\" height=\"552\" src=\"https:\/\/maendeleo.ch\/wordpress\/wp-content\/uploads\/2021\/06\/Bertin-Hans-Mme-Claudine-Joe%CC%88l--1024x753.jpg\" alt=\"\" loading=\"lazy\" srcset=\"https:\/\/maendeleo.ch\/wordpress\/wp-content\/uploads\/2021\/06\/Bertin-Hans-Mme-Claudine-Joe\u0308l--1024x753.jpg 1024w, https:\/\/maendeleo.ch\/wordpress\/wp-content\/uploads\/2021\/06\/Bertin-Hans-Mme-Claudine-Joe\u0308l--300x220.jpg 300w, https:\/\/maendeleo.ch\/wordpress\/wp-content\/uploads\/2021\/06\/Bertin-Hans-Mme-Claudine-Joe\u0308l--768x564.jpg 768w, https:\/\/maendeleo.ch\/wordpress\/wp-content\/uploads\/2021\/06\/Bertin-Hans-Mme-Claudine-Joe\u0308l--1536x1129.jpg 1536w, https:\/\/maendeleo.ch\/wordpress\/wp-content\/uploads\/2021\/06\/Bertin-Hans-Mme-Claudine-Joe\u0308l-.jpg 1920w\" sizes=\"auto, (max-width: 750px) 100vw, 750px\" \/><p><\/p><figcaption>Jo\u00ebl, Hans, Madame Claudine und Bertin<\/figcaption><\/figure><\/div><\/div><\/div><\/div><\/div><\/div><\/div><\/div><\/section><section data-id=\"791c350\" data-element_type=\"section\" data-model-cid=\"c53\"><div style=\"width: 969.328px;\"><\/div><div><div style=\"width: 969.328px;\"><div data-id=\"03b5a64\" data-element_type=\"column\" data-col=\"100\" data-model-cid=\"c54\" style=\"width: 969.328px;\"><div style=\"width: 969.328px;\"><div style=\"width: 949.328px;\"><div data-id=\"afbeeba\" data-element_type=\"widget\" data-model-cid=\"c55\" data-widget_type=\"text-editor.default\" style=\"width: 949.328px;\"><div><\/div><div><div data-elementor-setting-key=\"editor\" data-elementor-inline-editing-toolbar=\"advanced\"><p>Ziel: Solideres und einfacheres Bauen mit Backsteinen mit L\u00f6chern. W\u00e4hrend in Ruanda bereits sehr viele Bauten mit SKAT\/proecco Technik gebaut worden sind, gibt es im Kongo erst seit diesem Jahr erste Baustellen, wo mit dieser Technik gebaut wird. Neuerungen dauern im Kongo immer etwas l\u00e4nger. Viele Architekten haben an Kursen teilgenommen, wo SKAT die Technik vermittelte. Aber kaum einer konnte Bauherren \u00fcberzeugen damit zu bauen; das hat auch zur Folge, dass erst eine Fabrik existiert, die diese neuen Backsteine herstellt. Zwei weitere sollen dieses Jahr dazukommen. Also dringender Besuch bei Mme Claudine. Nach l\u00e4ngerer Diskussion verspricht sie, dass am 10. Juli die ersten 25 000 Backsteine bereit sind. Das w\u00e4re perfekt, bis dann d\u00fcrften Fundamente stehen, auf denen gebaut werden kann.<\/p><\/div><\/div><\/div><\/div><\/div><\/div><\/div><\/div><\/section><section data-id=\"3d48ca3\" data-element_type=\"section\" data-model-cid=\"c62\"><div style=\"width: 969.328px;\"><\/div><div><div style=\"width: 969.328px;\"><div data-id=\"2fb7949\" data-element_type=\"column\" data-col=\"50\" data-model-cid=\"c63\" style=\"width: 484.656px;\"><div style=\"width: 484.656px;\"><div style=\"width: 464.656px;\"><div data-id=\"c4d2f03\" data-element_type=\"widget\" data-model-cid=\"c64\" data-widget_type=\"image.default\" style=\"width: 464.656px;\"><div><\/div><div><div><figure><img loading=\"lazy\" decoding=\"async\" width=\"640\" height=\"480\" src=\"https:\/\/maendeleo.ch\/wordpress\/wp-content\/uploads\/2021\/06\/backsteine-1.jpg\" alt=\"\" loading=\"lazy\" srcset=\"https:\/\/maendeleo.ch\/wordpress\/wp-content\/uploads\/2021\/06\/backsteine-1.jpg 640w, https:\/\/maendeleo.ch\/wordpress\/wp-content\/uploads\/2021\/06\/backsteine-1-300x225.jpg 300w\" sizes=\"auto, (max-width: 640px) 100vw, 640px\" \/><p><\/p><figcaption>Backsteinproduktion 1<\/figcaption><\/figure><\/div><\/div><\/div><\/div><\/div><\/div><div data-id=\"bdb8fd5\" data-element_type=\"column\" data-col=\"50\" data-model-cid=\"c69\" style=\"width: 484.656px;\"><div style=\"width: 484.656px;\"><div style=\"width: 464.656px;\"><div data-id=\"c56478d\" data-element_type=\"widget\" data-model-cid=\"c70\" data-widget_type=\"image.default\" style=\"width: 464.656px;\"><div><\/div><div><div><figure><img loading=\"lazy\" decoding=\"async\" width=\"640\" height=\"480\" src=\"https:\/\/maendeleo.ch\/wordpress\/wp-content\/uploads\/2021\/06\/backsteine-2-rotated.jpg\" alt=\"\" loading=\"lazy\" srcset=\"https:\/\/maendeleo.ch\/wordpress\/wp-content\/uploads\/2021\/06\/backsteine-2-rotated.jpg 640w, https:\/\/maendeleo.ch\/wordpress\/wp-content\/uploads\/2021\/06\/backsteine-2-300x225.jpg 300w\" sizes=\"auto, (max-width: 640px) 100vw, 640px\" \/><p><\/p><figcaption>Bausteinproduktion\u00a0<\/figcaption><\/figure><\/div><\/div><\/div><\/div><\/div><\/div><\/div><\/div><\/section><section data-id=\"baf16a2\" data-element_type=\"section\" data-model-cid=\"c77\"><div style=\"width: 969.328px;\"><\/div><div><div style=\"width: 969.328px;\"><div data-id=\"2f641ca\" data-element_type=\"column\" data-col=\"100\" data-model-cid=\"c78\" style=\"width: 969.328px;\"><div style=\"width: 969.328px;\"><div style=\"width: 949.328px;\"><div data-id=\"dddb369\" data-element_type=\"widget\" data-model-cid=\"c79\" data-widget_type=\"text-editor.default\" style=\"width: 949.328px;\"><div><\/div><div><div data-elementor-setting-key=\"editor\" data-elementor-inline-editing-toolbar=\"advanced\"><p>Ziel: Solideres und einfacheres Bauen mit Backsteinen mit L\u00f6chern. W\u00e4hrend in Ruanda bereits sehr viele Bauten mit SKAT\/proecco Technik gebaut worden sind, gibt es im Kongo erst seit diesem Jahr erste Baustellen, wo mit dieser Technik gebaut wird. Neuerungen dauern im Kongo immer etwas l\u00e4nger. Viele Architekten haben an Kursen teilgenommen, wo SKAT die Technik vermittelte. Aber kaum einer konnte Bauherren \u00fcberzeugen damit zu bauen; das hat auch zur Folge, dass erst eine Fabrik existiert, die diese neuen Backsteine herstellt. Zwei weitere sollen dieses Jahr dazukommen. Also dringender Besuch bei Mme Claudine. Nach l\u00e4ngerer Diskussion verspricht sie, dass am 10. Juli die ersten 25 000 Backsteine bereit sind. Das w\u00e4re perfekt, bis dann d\u00fcrften Fundamente stehen, auf denen gebaut werden kann.<\/p><\/div><\/div><\/div><div data-id=\"f96b58b\" data-element_type=\"widget\" data-model-cid=\"c82\" data-widget_type=\"image.default\" style=\"width: 949.328px;\"><div><\/div><div><div><figure><img loading=\"lazy\" decoding=\"async\" width=\"750\" height=\"563\" src=\"https:\/\/maendeleo.ch\/wordpress\/wp-content\/uploads\/2021\/06\/HJ-Archange-Joel-Bertin-Kusinzsa-1024x768.jpg\" alt=\"\" loading=\"lazy\" srcset=\"https:\/\/maendeleo.ch\/wordpress\/wp-content\/uploads\/2021\/06\/HJ-Archange-Joel-Bertin-Kusinzsa-1024x768.jpg 1024w, https:\/\/maendeleo.ch\/wordpress\/wp-content\/uploads\/2021\/06\/HJ-Archange-Joel-Bertin-Kusinzsa-300x225.jpg 300w, https:\/\/maendeleo.ch\/wordpress\/wp-content\/uploads\/2021\/06\/HJ-Archange-Joel-Bertin-Kusinzsa-768x576.jpg 768w, https:\/\/maendeleo.ch\/wordpress\/wp-content\/uploads\/2021\/06\/HJ-Archange-Joel-Bertin-Kusinzsa-1536x1152.jpg 1536w, https:\/\/maendeleo.ch\/wordpress\/wp-content\/uploads\/2021\/06\/HJ-Archange-Joel-Bertin-Kusinzsa.jpg 1920w\" sizes=\"auto, (max-width: 750px) 100vw, 750px\" \/><p><\/p><figcaption>Von links nach rechts: Hansj\u00f6rg Enz (Verein Maendeleo), Archange Mihigo (SKAT), Jo\u00ebl Baloho (B\u00e2tisse d&#8217;Avenir), Bertin Mungombe (Association Milondola) und Kusinza Lekata (Bauf\u00fchrer in Ikoma)<\/figcaption><\/figure><\/div><\/div><\/div><\/div><\/div><\/div><\/div><\/div><\/section><section data-id=\"80fd2af\" data-element_type=\"section\" data-model-cid=\"c89\"><div style=\"width: 969.328px;\"><\/div><div><div style=\"width: 969.328px;\"><div data-id=\"9ff9ebc\" data-element_type=\"column\" data-col=\"100\" data-model-cid=\"c90\" style=\"width: 969.328px;\"><div style=\"width: 969.328px;\"><div style=\"width: 949.328px;\"><div data-id=\"a8edf16\" data-element_type=\"widget\" data-model-cid=\"c91\" data-widget_type=\"text-editor.default\" style=\"width: 949.328px;\"><div><\/div><div><div data-elementor-setting-key=\"editor\" data-elementor-inline-editing-toolbar=\"advanced\"><p><strong>\u00a0<\/strong><\/p><p><strong>Berater Xaverianer-Pater Franco Bordignon<\/strong><\/p><p><span style=\"font-size: inherit;\">Auf Lohnerh\u00f6hung hatte auch Pater Franco Bordignon gedr\u00e4ngt. Franco ist nicht nur der \u00abHotelier\u00bb bei den Xaverianer-M\u00f6nchen, bei denen ich hier bereits zum vierten Mal wohnen darf. Er hat in seinen 50 Jahren hier im Kongo unz\u00e4hlige Kirchen und Schulen gebaut. Franco war bereit, Pl\u00e4ne,\u00a0<\/span><a href=\"https:\/\/maendeleo.ch\/wordpress\/wp-content\/uploads\/2021\/06\/DEVIS-GLOBAL-IKOMA.pdf\" target=\"_blank\" rel=\"noopener\" style=\"font-size: inherit; background-color: #ffffff; transition-property: all;\">Kosten-Voranschlag<\/a><span style=\"font-size: inherit;\">\u00a0und Vertr\u00e4ge im Zusammenhang mit unserem Bau zu pr\u00fcfen. Er zeigte sich sehr angetan von der Arbeit von B\u00e2tisse, die Vertr\u00e4ge nannte er gar \u00abperfetto\u00bb, ausser eben: Zahlt dem lokalen Bauleiter einen Lohn, der ihn anspornt.<\/span><\/p><p>Dank an Franco, das gibt auch uns eine gewisse Sicherheit, dass unser Bau auf guten Wegen ist. Denn: Wir sind hier im Kongo. Franco und unsre Leute vor Ort kennen unz\u00e4hlige Bauvorhaben, wo gestohlen, getrickst, bestochen wurde, wo am Ende das ganze Geld weg, aber gar nichts oder allenfalls einen Bauruine zu sehen war!!<\/p><p><strong>Wiedersehen mit der Schule<\/strong><\/p><p>Am Samstag Fahrt nach Ikoma mit Jo\u00ebl und Christian von B\u00e2tisse. Ziel an diesem Tag: Dem Schulteam und VertreterInnen des Elternkomitees den letzten Stand der Planung mitteilen. Noch wichtiger heute: Wir treffen die lokalen Beh\u00f6rden, allen voran den traditionellen Chef du groupement. Nur mit seiner Zustimmung und damit dem Schutz des Dorfes k\u00f6nnen wir beruhigt bauen. Der 79j\u00e4hrige ist sehr erfreut \u00fcber unser Vorhaben, teilt uns auch mit, dass seit Mai auch eine Art Baubewilligung n\u00f6tig ist, die 20 oder 30 USD kosten wird. Als kleine Aufmunterung stecke auch ich ihm beim Abschied einen 20-Dollar-Schein zu. Das wird sofort bemerkt, also erhalten auch alle Mitglieder des Elternkomitee einige Tausend Francs zugesteckt(1 USD = 2000 francs congolais).<\/p><\/div><\/div><\/div><div data-id=\"4f2f346\" data-element_type=\"widget\" data-model-cid=\"c94\" data-widget_type=\"image.default\" style=\"width: 949.328px;\"><div><\/div><div><div><figure><img loading=\"lazy\" decoding=\"async\" width=\"640\" height=\"480\" src=\"https:\/\/maendeleo.ch\/wordpress\/wp-content\/uploads\/2021\/06\/elternrat.jpg\" alt=\"\" loading=\"lazy\" srcset=\"https:\/\/maendeleo.ch\/wordpress\/wp-content\/uploads\/2021\/06\/elternrat.jpg 640w, https:\/\/maendeleo.ch\/wordpress\/wp-content\/uploads\/2021\/06\/elternrat-300x225.jpg 300w\" sizes=\"auto, (max-width: 640px) 100vw, 640px\" \/><p><\/p><figcaption>Lokale Beh\u00f6rde (im Vordergrund le chef du groupement)<\/figcaption><\/figure><\/div><\/div><\/div><\/div><\/div><\/div><\/div><\/div><\/section><section data-id=\"fb55a20\" data-element_type=\"section\" data-model-cid=\"c101\"><div style=\"width: 969.328px;\"><\/div><div><div style=\"width: 969.328px;\"><div data-id=\"2003b58\" data-element_type=\"column\" data-col=\"100\" data-model-cid=\"c102\" style=\"width: 969.328px;\"><div style=\"width: 969.328px;\"><div style=\"width: 949.328px;\"><div data-id=\"29cd2be\" data-element_type=\"widget\" data-model-cid=\"c103\" data-widget_type=\"text-editor.default\" style=\"width: 949.328px;\"><div><\/div><div><div data-elementor-setting-key=\"editor\" data-elementor-inline-editing-toolbar=\"advanced\"><p style=\"font-size: 18px;\"><strong>\u00a0<\/strong><\/p><p style=\"font-size: 18px;\"><strong>Einz\u00e4unung oder Wege in der Anlage<\/strong><\/p><p style=\"font-size: 18px;\">Das Schulteam ist sehr erfreut, als wir ihnen im Gel\u00e4nde die Dimension des Mehrzwecksaales zeigen. Der Saal wird 10 x 13 Meter gross, genug f\u00fcr etwa 180 Sitzpl\u00e4tze. Eine l\u00e4ngere Diskussion entspannt sich um das Thema Einz\u00e4unung des Schulareals. Bereits vor zwei Jahren hatten wir Geld bewilligt, um einen Hag rund um das Gel\u00e4nde zu bauen. Als dann klar wurde, dass wir nochmals bauen, stoppten wir den Bau des Hages auf halbem Wege. Frage war jetzt: nur das fehlende Teil bauen oder die ganze Einfriedung laut den Pl\u00e4nen von B\u00e2tisse. Wissend dass wir uns jetzt schon am Rande unserer finanziellen M\u00f6glichkeiten bewegen, setzte ich mich daf\u00fcr ein, nur das fehlende Teil zu bauen. Ich wollte sie \u00fcberzeugen, mit dem gesparten Geld Wege zu bauen in der Anlage. Die sind im Bauprojekt nicht vorgesehen, aber eigentlich dringend n\u00f6tig, da es w\u00e4hrend etwa 9 Monaten t\u00e4glich regnet und der Schulhof dann ein Matschfeld wird.\u00a0<\/p><p style=\"font-size: 18px;\">Ich biss auf Granit. Wir suchten dann nicht den Kompromiss, sondern \u2013 wie im Lehrbuch der Organisations-Entwicklung \u2013 die dritte L\u00f6sung. Die VertreterInnen des Dorfes und der Elternschaft erkl\u00e4rten sich bereit, Kies und Steine f\u00fcr die Wege beizusteuern und Frondienst f\u00fcr den Wegebau zu leisten. Im Gegenzug gibt es den sch\u00f6nen hohen 200 Meter langen Zaun.\u00a0\u00a0<\/p><p style=\"font-size: 18px;\">Weitere Episoden folgen bzw. finden Sie unter Bauprojekt 21\u00a0<\/p><p style=\"font-size: 18px;\"><\/p><\/div><\/div><\/div><\/div><\/div><\/div><\/div><\/div><\/section><\/div>\t\t\t\t\t\t\t\t<\/div>\n\t\t\t\t<\/div>\n\t\t\t\t\t<\/div>\n\t\t<\/div>\n\t\t\t\t\t<\/div>\n\t\t<\/section>\n\t\t\t\t<\/div>\n\t\t","protected":false},"excerpt":{"rendered":"<p>\u201eDas war meine beste Projektreise! Zufrieden, ja gl\u00fccklich bin ich am 26. Juni aus dem Kongo zur\u00fcckgekehrt. H\u00f6hepunkt war der Beginn der Bauarbeiten am 22. Juni. Die Reise stand von Anfag an unter einem guten Omen, denn bereits die Visa-Erteilung war eine \u00dcberraschung\u2026 Visa gratis Vor meiner Kongoreise machen Anita [&hellip;]<\/p>\n","protected":false},"author":1,"featured_media":7527,"comment_status":"closed","ping_status":"closed","sticky":false,"template":"","format":"standard","meta":{"footnotes":""},"categories":[9],"tags":[],"class_list":["post-7518","post","type-post","status-publish","format-standard","has-post-thumbnail","hentry","category-projektbesuche"],"_links":{"self":[{"href":"https:\/\/maendeleo.ch\/wordpress\/wp-json\/wp\/v2\/posts\/7518","targetHints":{"allow":["GET"]}}],"collection":[{"href":"https:\/\/maendeleo.ch\/wordpress\/wp-json\/wp\/v2\/posts"}],"about":[{"href":"https:\/\/maendeleo.ch\/wordpress\/wp-json\/wp\/v2\/types\/post"}],"author":[{"embeddable":true,"href":"https:\/\/maendeleo.ch\/wordpress\/wp-json\/wp\/v2\/users\/1"}],"replies":[{"embeddable":true,"href":"https:\/\/maendeleo.ch\/wordpress\/wp-json\/wp\/v2\/comments?post=7518"}],"version-history":[{"count":36,"href":"https:\/\/maendeleo.ch\/wordpress\/wp-json\/wp\/v2\/posts\/7518\/revisions"}],"predecessor-version":[{"id":7755,"href":"https:\/\/maendeleo.ch\/wordpress\/wp-json\/wp\/v2\/posts\/7518\/revisions\/7755"}],"wp:featuredmedia":[{"embeddable":true,"href":"https:\/\/maendeleo.ch\/wordpress\/wp-json\/wp\/v2\/media\/7527"}],"wp:attachment":[{"href":"https:\/\/maendeleo.ch\/wordpress\/wp-json\/wp\/v2\/media?parent=7518"}],"wp:term":[{"taxonomy":"category","embeddable":true,"href":"https:\/\/maendeleo.ch\/wordpress\/wp-json\/wp\/v2\/categories?post=7518"},{"taxonomy":"post_tag","embeddable":true,"href":"https:\/\/maendeleo.ch\/wordpress\/wp-json\/wp\/v2\/tags?post=7518"}],"curies":[{"name":"wp","href":"https:\/\/api.w.org\/{rel}","templated":true}]}}