{"id":335,"date":"2014-05-01T00:00:41","date_gmt":"2014-05-01T00:00:41","guid":{"rendered":"https:\/\/maendeleo.ch\/wordpress\/?p=335"},"modified":"2020-04-23T14:20:04","modified_gmt":"2020-04-23T14:20:04","slug":"2014-zum-ersten-mal-im-kongo","status":"publish","type":"post","link":"https:\/\/maendeleo.ch\/wordpress\/2014-zum-ersten-mal-im-kongo\/","title":{"rendered":"2014   Zum ersten Mal im Kongo"},"content":{"rendered":"<p>Die Tage vom\u00a09. &#8211; 18. April verbrachte ich mit Hansj\u00f6rg Enz und Niklaus Gerber im Kongo. Mein Ziel war es die Leute der Association Milondola und das Leben in einem afrikanischen Entwicklungsland aus eigener Erfahrung kennenzulernen.<br \/>\nEin Besuch\u00a0unserer Schule\u00a0war ebenfalls geplant.\u00a0Dank unserem Kongo erfahrenen Projektleiter Hansj\u00f6rg Enz, von allen\u00a0liebevoll Monsieur Hans genannt, erlebten Niklaus und ich eine sehr eindrucksvolle Zeit in diesem landschaftlich wundersch\u00f6nen Land.<\/p>\n<p>Die Ausfl\u00fcge und Begegnungen mit Venant, Sosth\u00e8ne, Fiston, Carlos und Sarah hinterliessen bei mir sehr\u00a0starke Eindr\u00fccke. Ich habe in diesen wenigen Tagen erlebt, was Armut wirklich bedeutet (die Vorstellung davon ist sehr anders als die erlebte Realit\u00e4t) und wie der Alltag in Bukavu verl\u00e4uft. Wir sind manche Stunde zusammengesessen und haben in verschiedenen Zusammensetzungen \u00fcber den Sinn und Zweck von Entwicklungshilfe diskutiert. Ich habe viele neue gastfreundliche, hoffnungsvolle Menschen kennengelernt. Alle Freunde von Hansj\u00f6rg sind gekommen, als sie vernommen hatten, dass Hans im Land ist. Jeder schilderte seine Lebenslage und hoffte auf Hilfe und Unterst\u00fctzung. Dabei waren nat\u00fcrlich nicht alle Anliegen realistisch, aber nicht nur wir haben Tr\u00e4ume! Wir taten unser Bestes, um Hilfe zu leisten, wo es m\u00f6glich war. Wir hatten ja schliesslich nicht umsonst 6 Koffern Handgep\u00e4ck (ca. 120 kg) mitgenommen und wollten nicht alles wieder nach Hause bringen.<\/p>\n<p>Eindr\u00fccklich war der Besuch in der Schule in Ikoma. Wir wurden sehr herzlich empfangen und erlebten die Auszeichnung der besten Sch\u00fcler der Schule. Sie hat sich in der vergangenen Zeit einen guten Ruf erarbeitet und viele Sch\u00fcler erzielen bei den j\u00e4hrlichen Schlusspr\u00fcfungen sehr gute Resultate. Wir haben bei\u00a0einem Gedankenaustausch sehr engagierte Lehrer erlebt, die motiviert ihre Arbeit verrichten. Sie haben sich \u00fcber unsere Geschenke (u.a. B\u00e4lle, Farbstifte, \u00dcberziehleibchen f\u00fcr 2 Fussballmannschaften, Lehrmittel und Lehrb\u00fccher, die uns in verdankenswerter Weise die Sekundarschule aus Romont geschenkt hat) sehr gefreut.<\/p>\n<p>&nbsp;<\/p>\n<p>Unter die Haut ging auch der Besuch bei einem unserer Patenkinder: Nsimire. Die Begr\u00fcssung durch die neunk\u00f6pfige Familie war sehr herzlich und ber\u00fchrend. Beim Anblick der mehr als lottrigen H\u00fctte, in der die Familie wohnt und \u00fcbernachtet,\u00a0\u00fcbernahmen in mir\u00a0die Gef\u00fchle tiefer Traurigkeit das Kommando. Hansj\u00f6rg und ich beschlossen auf der Stelle, dieser Familie ein menschenw\u00fcrdiges Zuhause zu finanzieren. \u00a0Seit Ende Juni wohnt unsere Familie\u00a0in einem neuen Haus. Venant und Sosth\u00e8ne haben dieses Projekt nach unserer Abreise begleitet.<\/p>\n<p>Bruno Fink<\/p>\n<p>&nbsp;<\/p>\n","protected":false},"excerpt":{"rendered":"<p>Die Tage vom\u00a09. &#8211; 18. April verbrachte ich mit Hansj\u00f6rg Enz und Niklaus Gerber im Kongo. Mein Ziel war es die Leute der Association Milondola und das Leben in einem afrikanischen Entwicklungsland aus eigener Erfahrung kennenzulernen. Ein Besuch\u00a0unserer Schule\u00a0war ebenfalls geplant.\u00a0Dank unserem Kongo erfahrenen Projektleiter Hansj\u00f6rg Enz, von allen\u00a0liebevoll Monsieur [&hellip;]<\/p>\n","protected":false},"author":1,"featured_media":170,"comment_status":"closed","ping_status":"closed","sticky":false,"template":"","format":"standard","meta":{"footnotes":""},"categories":[9],"tags":[16],"class_list":["post-335","post","type-post","status-publish","format-standard","has-post-thumbnail","hentry","category-projektbesuche","tag-16"],"_links":{"self":[{"href":"https:\/\/maendeleo.ch\/wordpress\/wp-json\/wp\/v2\/posts\/335","targetHints":{"allow":["GET"]}}],"collection":[{"href":"https:\/\/maendeleo.ch\/wordpress\/wp-json\/wp\/v2\/posts"}],"about":[{"href":"https:\/\/maendeleo.ch\/wordpress\/wp-json\/wp\/v2\/types\/post"}],"author":[{"embeddable":true,"href":"https:\/\/maendeleo.ch\/wordpress\/wp-json\/wp\/v2\/users\/1"}],"replies":[{"embeddable":true,"href":"https:\/\/maendeleo.ch\/wordpress\/wp-json\/wp\/v2\/comments?post=335"}],"version-history":[{"count":2,"href":"https:\/\/maendeleo.ch\/wordpress\/wp-json\/wp\/v2\/posts\/335\/revisions"}],"predecessor-version":[{"id":409,"href":"https:\/\/maendeleo.ch\/wordpress\/wp-json\/wp\/v2\/posts\/335\/revisions\/409"}],"wp:featuredmedia":[{"embeddable":true,"href":"https:\/\/maendeleo.ch\/wordpress\/wp-json\/wp\/v2\/media\/170"}],"wp:attachment":[{"href":"https:\/\/maendeleo.ch\/wordpress\/wp-json\/wp\/v2\/media?parent=335"}],"wp:term":[{"taxonomy":"category","embeddable":true,"href":"https:\/\/maendeleo.ch\/wordpress\/wp-json\/wp\/v2\/categories?post=335"},{"taxonomy":"post_tag","embeddable":true,"href":"https:\/\/maendeleo.ch\/wordpress\/wp-json\/wp\/v2\/tags?post=335"}],"curies":[{"name":"wp","href":"https:\/\/api.w.org\/{rel}","templated":true}]}}